{"id":119,"date":"2024-03-25T23:35:07","date_gmt":"2024-03-26T02:35:07","guid":{"rendered":"https:\/\/lp.queromerecuperar.com\/?p=119"},"modified":"2024-03-25T23:35:07","modified_gmt":"2024-03-26T02:35:07","slug":"internacao-involuntaria","status":"publish","type":"post","link":"https:\/\/lp.queromerecuperar.com\/index.php\/2024\/03\/25\/internacao-involuntaria\/","title":{"rendered":"Interna\u00e7\u00e3o Involunt\u00e1ria"},"content":{"rendered":"\n<p>A&nbsp;<strong>interna\u00e7\u00e3o involunt\u00e1ria<\/strong>&nbsp;\u00e9 acionada pela fam\u00edlia. Nesse caso, a pessoa que pedir a interven\u00e7\u00e3o dever\u00e1 assinar a<br>autoriza\u00e7\u00e3o e ter liga\u00e7\u00e3o consangu\u00edneo com o dependente\u200a por exemplo, pai, m\u00e3e ou filhos.<\/p>\n\n\n\n<p>Engana-se quem pensa que a depend\u00eancia qu\u00edmica \u00e9 um desafio apenas para o usu\u00e1rio.<\/p>\n\n\n\n<p>Esse v\u00edcio deixa todo o n\u00facleo familiar co-dependente, e tem o potencial de devastar toda a rela\u00e7\u00e3o e harmonia familiar. Para amenizar os danos, muito se ouve sobre a Interna\u00e7\u00e3o involunt\u00e1ria, mas ser\u00e1 que funciona?&nbsp;<\/p>\n\n\n\n<p>A verdade \u00e9 que ajudar o dependente a reconhecer a<br>doen\u00e7a e a necessidade de um tratamento \u00e9 indispens\u00e1vel para frear as graves<br>consequ\u00eancias que o v\u00edcio traz, como perda de emprego, afastamento de amigos e<br>falta de interesse na vida social.&nbsp;<\/p>\n\n\n\n<p><strong>Tomando o passo definitivo:<\/strong><\/p>\n\n\n\n<p>A interna\u00e7\u00e3o&nbsp;<\/p>\n\n\n\n<p>A fam\u00edlia preocupada com a sa\u00fade de seu ente querido e esperan\u00e7osa quanto ao tratamento, deve buscar servi\u00e7os e profissionais que ir\u00e3o ajudar o dependente qu\u00edmico.&nbsp;<\/p>\n\n\n\n<p>Em casos mais graves, a interna\u00e7\u00e3o involunt\u00e1ria, ou<br>seja, aquela em que o dependente \u00e9 internado contra sua vontade pode ser a<br>\u00fanica solu\u00e7\u00e3o vi\u00e1vel para esse terr\u00edvel quadro. Esse tipo de interna\u00e7\u00e3o \u00e9 previsto por lei e pode ser uma op\u00e7\u00e3o extremamente ben\u00e9fica para o doente que se encontra al\u00e9m de suas capacidades mentais normais.&nbsp;<\/p>\n\n\n\n<p>A&nbsp;<strong>Cl\u00ednica de Tratamento Luz<\/strong>&nbsp;\u00e9 especializada em tratamento para dependentes qu\u00edmicos e acoolicos, e esta equipada com instala\u00e7\u00f5es que ir\u00e3o dar conforto, seguran\u00e7a e acolhimento ao doente, al\u00e9m de contarem com profissionais de v\u00e1rias \u00e1reas \u200apsiquiatras, psic\u00f3logos, terapeutas, enfermeiros, entre outros \u200aque ir\u00e3o, juntamente,<br>liderar v\u00e1rias t\u00e9cnicas de estabiliza\u00e7\u00e3o da doen\u00e7a, que embora lentas, s\u00e3o altamente eficazes at\u00e9 para os quadros mais graves de depend\u00eancia qu\u00edmica, trazendo tranquilidade e confian\u00e7a \u00e0 fam\u00edlia do doente.&nbsp;<\/p>\n\n\n\n<p><strong>Interna\u00e7\u00e3o involunt\u00e1ria: N\u00e3o \u00e9 o que voc\u00ea pensa<\/strong>&nbsp;<\/p>\n\n\n\n<p>Se voc\u00ea acredita que essa alternativa \u00e9 desumana,<br>agressiva e abusiva, est\u00e1 muito enganado. Essa pode ser a \u00fanica op\u00e7\u00e3o para<br>salvar uma pessoa amada, e \u00e9 prevista pela&nbsp;<strong>Lei Federal 10.2016, de 6 de abril de 2012<\/strong>\u200a\u2014\u200alei que garante os direitos de que um dependente qu\u00edmico seja<br>internado contra a vontade.&nbsp;<\/p>\n\n\n\n<p>Ao contr\u00e1rio da interna\u00e7\u00e3o volunt\u00e1ria e compuls\u00f3ria, no caso das interna\u00e7\u00f5es involunt\u00e1rias, o dependente qu\u00edmico n\u00e3o enxerga a necessidade de um tratamento adequado para o seu v\u00edcio. Mas sua fam\u00edlia acredita ser a \u00fanica solu\u00e7\u00e3o.&nbsp;<\/p>\n\n\n\n<p>Por isso, os familiares que possuem liga\u00e7\u00e3o consangu\u00ednea com o usu\u00e1rio, podem acionar esse tipo de interna\u00e7\u00e3o, e assinar uma autoriza\u00e7\u00e3o para que aconte\u00e7a.&nbsp;<\/p>\n\n\n\n<p>Ap\u00f3s a assinatura, um m\u00e9dico especialista examinar\u00e1<br>o dependente e emitir\u00e1 um laudo comprovando a necessidade de uma interna\u00e7\u00e3o para o caso. No geral, esse pedido \u00e9 encaminhado para uma cl\u00ednica particular ou uma unidade do Centro de Aten\u00e7\u00e3o Psicossocial (CAPS).&nbsp;<\/p>\n","protected":false},"excerpt":{"rendered":"<p>A&nbsp;interna\u00e7\u00e3o involunt\u00e1ria&nbsp;\u00e9 acionada pela fam\u00edlia. Nesse caso, a pessoa que pedir a interven\u00e7\u00e3o dever\u00e1 assinar aautoriza\u00e7\u00e3o e ter liga\u00e7\u00e3o consangu\u00edneo com o dependente\u200a por exemplo, pai, m\u00e3e ou filhos. Engana-se quem pensa que a depend\u00eancia qu\u00edmica \u00e9 um desafio apenas para o usu\u00e1rio. Esse v\u00edcio deixa todo o n\u00facleo familiar co-dependente, e tem o potencial [&hellip;]<\/p>\n","protected":false},"author":1,"featured_media":120,"comment_status":"open","ping_status":"open","sticky":false,"template":"","format":"standard","meta":{"footnotes":""},"categories":[6],"tags":[],"class_list":["post-119","post","type-post","status-publish","format-standard","has-post-thumbnail","hentry","category-servicos"],"_links":{"self":[{"href":"https:\/\/lp.queromerecuperar.com\/index.php\/wp-json\/wp\/v2\/posts\/119","targetHints":{"allow":["GET"]}}],"collection":[{"href":"https:\/\/lp.queromerecuperar.com\/index.php\/wp-json\/wp\/v2\/posts"}],"about":[{"href":"https:\/\/lp.queromerecuperar.com\/index.php\/wp-json\/wp\/v2\/types\/post"}],"author":[{"embeddable":true,"href":"https:\/\/lp.queromerecuperar.com\/index.php\/wp-json\/wp\/v2\/users\/1"}],"replies":[{"embeddable":true,"href":"https:\/\/lp.queromerecuperar.com\/index.php\/wp-json\/wp\/v2\/comments?post=119"}],"version-history":[{"count":1,"href":"https:\/\/lp.queromerecuperar.com\/index.php\/wp-json\/wp\/v2\/posts\/119\/revisions"}],"predecessor-version":[{"id":121,"href":"https:\/\/lp.queromerecuperar.com\/index.php\/wp-json\/wp\/v2\/posts\/119\/revisions\/121"}],"wp:featuredmedia":[{"embeddable":true,"href":"https:\/\/lp.queromerecuperar.com\/index.php\/wp-json\/wp\/v2\/media\/120"}],"wp:attachment":[{"href":"https:\/\/lp.queromerecuperar.com\/index.php\/wp-json\/wp\/v2\/media?parent=119"}],"wp:term":[{"taxonomy":"category","embeddable":true,"href":"https:\/\/lp.queromerecuperar.com\/index.php\/wp-json\/wp\/v2\/categories?post=119"},{"taxonomy":"post_tag","embeddable":true,"href":"https:\/\/lp.queromerecuperar.com\/index.php\/wp-json\/wp\/v2\/tags?post=119"}],"curies":[{"name":"wp","href":"https:\/\/api.w.org\/{rel}","templated":true}]}}